{"id":48517,"date":"2026-04-22T13:21:44","date_gmt":"2026-04-22T10:21:44","guid":{"rendered":"https:\/\/www.weckmansteel.fi\/?p=48517"},"modified":"2026-04-22T13:27:40","modified_gmt":"2026-04-22T10:27:40","slug":"ett-tystare-och-mer-hallbart-tak-for-en-o-destination-weckman-progantti-acoustic-pro-ar-valet","status":"publish","type":"post","link":"https:\/\/www.weckmansteel.fi\/sv\/ett-tystare-och-mer-hallbart-tak-for-en-o-destination-weckman-progantti-acoustic-pro-ar-valet\/","title":{"rendered":"Ett tystare och mer h\u00e5llbart tak f\u00f6r en \u00f6-destination \u2013 Weckman Progantti Acoustic Pro \u00e4r valet"},"content":{"rendered":"<p class=\"lead\"><strong><span dir=\"auto\">N\u00e4r det g\u00e4ller ett fritidshus mitt i naturen st\u00e4lls mycket speciella krav vid val av tak. I det h\u00e4r fallet var utg\u00e5ngspunkten att hitta en h\u00e5llbar, s\u00e4ker och snygg takl\u00f6sning som passar in i sin omgivning och f\u00f6rb\u00e4ttrar boendekomforten.<\/span><\/strong><\/p>\n<h2>St\u00e5ltaket och de sammankopplade s\u00f6mmarna var \u00f6vertygande som materialval<\/h2>\n<p>N\u00e4r kunden planerade takrenoveringen unders\u00f6kte han f\u00f6rst olika materialalternativ. Det tidigare taket var filtat, men nu var m\u00e5let en tydlig f\u00f6r\u00e4ndring:<\/p>\n<blockquote>\n<p>Vi ville byta till ett pl\u00e5ttak eftersom det \u00e4r p\u00e5litligt, h\u00e5llbart och ser bra ut.<\/p>\n<\/blockquote>\n<p>\u2013 <strong>Kimmo Tanttula<\/strong>, semesterhus\u00e4gare, sk\u00e4rg\u00e5rdsdestination<\/p>\n<p>St\u00e5ltaket valdes p\u00e5 grund av dess l\u00e5nga livsl\u00e4ngd, tillf\u00f6rlitlighet och underh\u00e5llsfria natur. Det sammankopplade taket ans\u00e5gs vara det tekniskt s\u00e4kraste alternativet och b\u00e4st l\u00e4mpat f\u00f6r platsen.<\/p>\n<blockquote>\n<p>Enligt min mening kan jag s\u00e4ga att jag tycker att sammankopplade tak \u00e4r l\u00e4mpliga f\u00f6r b\u00e5de nya projekt och \u00e4ldre byggnader. Jag tror att \u00e4ven arkitekten som ritade villan p\u00e5 1960-talet skulle vara n\u00f6jd med utseendet.<\/p>\n<\/blockquote>\n<p>Kimmo Tanttula forts\u00e4tter.<\/p>\n<a href=\"\/sv\/kontaktuppgifter\/#staltak\" class=\"button primary\" >\n\t\t<span>Beg\u00e4r en offert<\/span>\n\t<\/a>\n\n<h2>En rekommendation fr\u00e5n en lokal expert ledde till Weckman<\/h2>\n<p>Weckmans produkter kom till oss p\u00e5 rekommendation av ett lokalt pl\u00e5tslageri. \u00c5sikten fr\u00e5n en p\u00e5litlig installationspartner v\u00e4gde tungt i v\u00e5gsk\u00e5len:<\/p>\n<blockquote>\n<p>En lokal pl\u00e5tfirma rekommenderade Weckman Progantt, och det var en avg\u00f6rande faktor i valet.<\/p>\n<\/blockquote>\n<p>Weckmans inhemska n\u00e4rvaro s\u00e5gs ocks\u00e5 som en viktig faktor \u2013 b\u00e5de ur kvalitets- och leveranss\u00e4kerhetsperspektiv.<\/p>\n<h2><span dir=\"auto\">Varf\u00f6r Progantti Acoustic Pro?<\/span><\/h2>\n<p>L\u00f6sningen som valdes var Weckman Progantti Acoustic Pro, som kombinerar ett modernt utseende med praktiska funktioner som f\u00f6rb\u00e4ttrar boendekomforten. Den ljudabsorberande strukturen utm\u00e4rkte sig s\u00e4rskilt. P\u00e5 en \u00f6-destination \u00e4r naturens ljud en del av charmen, men ljudet av regn eller vind p\u00e5 taket b\u00f6r inte vara en distraktion. Acoustic Pro uppfyller detta behov perfekt.<\/p>\n<h2><span dir=\"auto\">F\u00f6rv\u00e4ntningar: ett s\u00e4kert, h\u00e5llbart och milj\u00f6v\u00e4nligt tak<\/span><\/h2>\n<p>\u00c4ven om taket fortfarande v\u00e4ntar p\u00e5 installation \u00e4r f\u00f6rv\u00e4ntningarna tydliga:<\/p>\n<ul>\n<li><span dir=\"auto\"><span dir=\"auto\">H\u00e5llbarhet och tillf\u00f6rlitlighet \u2013 ett tak som h\u00e5ller i alla v\u00e4derf\u00f6rh\u00e5llanden<\/span><\/span><\/li>\n<li><span dir=\"auto\"><span dir=\"auto\">Sinnesro \u2013 vissheten om att taket kommer att skydda byggnaden l\u00e5ngt in i framtiden<\/span><\/span><\/li>\n<li><span dir=\"auto\"><span dir=\"auto\">Utseende \u2013 ett smart och snyggt utseende som passar in i en naturlig \u00f6-destination<\/span><\/span><\/li>\n<\/ul>\n<blockquote>\n<p>Taket m\u00e5ste se bra ut och passa in i omgivningen. Det \u00e4r viktigt p\u00e5 den h\u00e4r platsen.<\/p>\n<\/blockquote>\n<p>\u2013 Semesterhus\u00e4gare, sk\u00e4rg\u00e5rdsdestination<\/p>\n<h2><span dir=\"auto\">F\u00f6rtroende byggs p\u00e5 rekommendationer och inhemsk kvalitet<\/span><\/h2>\n<p>Weckmans val baserades p\u00e5 en kombination av professionell rekommendation, inhemsk tillverkning och produktens tekniska egenskaper. Progantti Acoustic Pro uppfyllde alla st\u00e4llda krav \u2013 och mer d\u00e4rtill.<\/p>\n<a href=\"\/sv\/lasfalstak\/weckman-progantti-acoustic-pro-lasfalstak\/\" class=\"button primary\" >\n\t\t<span>Uppt\u00e4ck Weckman Progantti Acoustic Pro takplattor h\u00e4r<\/span>\n\t<\/a>\n\n<a href=\"\/sv\/kontaktuppgifter\/#staltak\" class=\"button primary\" >\n\t\t<span>Beg\u00e4r en offert<\/span>\n\t<\/a>\n\n","protected":false},"excerpt":{"rendered":"<p>N\u00e4r det g\u00e4ller ett fritidshus mitt i naturen st\u00e4lls mycket speciella krav vid val av tak. I det h\u00e4r fallet var utg\u00e5ngspunkten att hitta en h\u00e5llbar, s\u00e4ker och snygg takl\u00f6sning som passar in i sin omgivning och f\u00f6rb\u00e4ttrar boendekomforten. St\u00e5ltaket och de sammankopplade s\u00f6mmarna var \u00f6vertygande som materialval N\u00e4r kunden planerade takrenoveringen unders\u00f6kte han f\u00f6rst [&#8230;]\n","protected":false},"author":25,"featured_media":47763,"comment_status":"closed","ping_status":"closed","sticky":false,"template":"","format":"standard","meta":{"footnotes":""},"categories":[75],"tags":[],"class_list":["post-48517","post","type-post","status-publish","format-standard","has-post-thumbnail","hentry","category-plat-tak-nyheter"],"_links":{"self":[{"href":"https:\/\/www.weckmansteel.fi\/sv\/wp-json\/wp\/v2\/posts\/48517","targetHints":{"allow":["GET"]}}],"collection":[{"href":"https:\/\/www.weckmansteel.fi\/sv\/wp-json\/wp\/v2\/posts"}],"about":[{"href":"https:\/\/www.weckmansteel.fi\/sv\/wp-json\/wp\/v2\/types\/post"}],"author":[{"embeddable":true,"href":"https:\/\/www.weckmansteel.fi\/sv\/wp-json\/wp\/v2\/users\/25"}],"replies":[{"embeddable":true,"href":"https:\/\/www.weckmansteel.fi\/sv\/wp-json\/wp\/v2\/comments?post=48517"}],"version-history":[{"count":8,"href":"https:\/\/www.weckmansteel.fi\/sv\/wp-json\/wp\/v2\/posts\/48517\/revisions"}],"predecessor-version":[{"id":48533,"href":"https:\/\/www.weckmansteel.fi\/sv\/wp-json\/wp\/v2\/posts\/48517\/revisions\/48533"}],"wp:featuredmedia":[{"embeddable":true,"href":"https:\/\/www.weckmansteel.fi\/sv\/wp-json\/wp\/v2\/media\/47763"}],"wp:attachment":[{"href":"https:\/\/www.weckmansteel.fi\/sv\/wp-json\/wp\/v2\/media?parent=48517"}],"wp:term":[{"taxonomy":"category","embeddable":true,"href":"https:\/\/www.weckmansteel.fi\/sv\/wp-json\/wp\/v2\/categories?post=48517"},{"taxonomy":"post_tag","embeddable":true,"href":"https:\/\/www.weckmansteel.fi\/sv\/wp-json\/wp\/v2\/tags?post=48517"}],"curies":[{"name":"wp","href":"https:\/\/api.w.org\/{rel}","templated":true}]}}